{"id":72977,"date":"2024-03-08T10:29:00","date_gmt":"2024-03-08T08:29:00","guid":{"rendered":"https:\/\/www.marcolin.com\/stories\/non-categorizzato\/8-march-marcolin-earns-the-gender-equality-certification\/"},"modified":"2024-03-08T12:33:24","modified_gmt":"2024-03-08T10:33:24","slug":"8-marzo-marcolin-ottiene-la-certificazione-sulla-parita-di-genere","status":"publish","type":"post","link":"https:\/\/www.marcolin.com\/it\/stories\/tell-me-a-story\/8-marzo-marcolin-ottiene-la-certificazione-sulla-parita-di-genere\/","title":{"rendered":"8 marzo: Marcolin ottiene la Certificazione sulla Parit\u00e0 di Genere"},"content":{"rendered":"<div class=\"row padding--new-big wrapperContent\">\n    <div class=\"articleContent j-articleContent\">\n                <h2 class=\"articleContent__title\">\n            <span class=\"articleContent__titleUnderline j-titleUnderlineAnimation\">\n            Soluzioni concrete            <\/span>\n        <\/h2>\n        <div class=\"articleContent__richtext\">\n            <p>Smart working e flessibilit\u00e0 degli orari di lavoro, introduzione di una sessione dedicata alla leadership al femminile all\u2019interno dell\u2019Academy aziendale per formare i futuri manager, sostegno psicologico per tutti con particolare attenzione alle neomamme, convenzioni con gli asili nido. Sono solo alcune delle soluzioni concrete, proprio quelle di cui hanno bisogno le donne, che quest\u2019anno hanno fatto meritare a Marcolin la Certificazione sulla Parit\u00e0 di Genere. Un riconoscimento importante, rilasciato dagli organismi di certificazione accreditati presso Accredia, che arriva dopo un percorso avviato da Marcolin alcuni anni fa a favore di nuove politiche inclusive e di welfare aziendale. E che ha preso in esame le sei aree che contraddistinguono un\u2019organizzazione inclusiva e rispettosa della parit\u00e0: cultura e strategia, governance, processi Human Resources, opportunit\u00e0 di crescita e inclusione delle donne in azienda, equit\u00e0 remunerativa per genere, tutela della genitorialit\u00e0 e conciliazione vita-lavoro.<\/p>\n<p>&nbsp;<\/p>\n        <\/div>\n    <\/div>\n<\/div>\n\n<div class=\"row padding--new-big wrapperContent\">\n    <div class=\"articleOnlyImage\">\n        <div class=\"articleOnlyImage__image\">\n            <img decoding=\"async\" class=\"articleOnlyImage__img\" alt=\"\" src=\"https:\/\/www.marcolin.com\/wp-content\/uploads\/2024\/03\/MRC03187-scaled-e1709881184161.jpg\"\/>\n        <\/div>\n    <\/div>\n<\/div>\n\n<div class=\"row padding--new-big wrapperContent\">\n    <div class=\"articleContent j-articleContent\">\n                <h2 class=\"articleContent__title\">\n            <span class=\"articleContent__titleUnderline j-titleUnderlineAnimation\">\n            Pi\u00f9 donne ai vertici            <\/span>\n        <\/h2>\n        <div class=\"articleContent__richtext\">\n            <p>\u00abIl nostro \u00e8 un percorso che parte da lontano, in cui diversit\u00e0, equit\u00e0 e inclusione sono considerate leve strategiche per lo sviluppo aziendale e la promozione di una cultura equa e rispettosa delle differenze di genere\u00bb ha dichiarato Sabrina Paulon, HR Director di Marcolin Group. Perch\u00e9 oggi alle donne non servono soltanto soluzioni che permettano di conciliare meglio vita e lavoro, figli e impegni professionali, ma anche reali opportunit\u00e0 di spazio, visibilit\u00e0 e carriera. Le stesse dei loro colleghi maschi. Un tema che sta particolarmente a cuore a questa azienda da molti anni visto che, secondo i dati di ottobre 2023, il 62% dei dipendenti di Marcolin Group \u00e8 costituito da donne e, tra loro, il 40% occupa posizioni manageriali mentre il 50% ha un ruolo dirigenziale.<\/p>\n        <\/div>\n    <\/div>\n<\/div>\n\n<div class=\"row padding--new-big wrapperContent\">\n        <div class=\"articleQuote\">\n                <q class=\"articleQuote__quote\">&#8220;diversit\u00e0, equit\u00e0 e inclusione sono considerate leve strategiche per lo sviluppo aziendale&#8221;<\/q>\n                        <div class=\"articleQuote__imgWrapper\">\n            <img decoding=\"async\" class=\"articleQuote__img\" alt=\"\" src=\"https:\/\/www.marcolin.com\/wp-content\/uploads\/2024\/03\/Marcolin-Quote.png\" \/>\n        <\/div>\n            <\/div>\n<\/div>\n\n<div class=\"row padding--new-big wrapperContent\">\n    <div class=\"articleContent j-articleContent\">\n                <h2 class=\"articleContent__title\">\n            <span class=\"articleContent__titleUnderline j-titleUnderlineAnimation\">\n            Appuntamento al 2025             <\/span>\n        <\/h2>\n        <div class=\"articleContent__richtext\">\n            <p>Questo riconoscimento (che ha\u00a0validit\u00e0 triennale\u00a0ed \u00e8 soggetto a un monitoraggio annuale) non deve essere considerato per\u00f2 un punto d\u2019arrivo, n\u00e9 rallentare il percorso compiuto finora. Ecco perch\u00e9 l\u2019ente certificatore, in questa sua valutazione, ha tenuto conto anche del piano strategico che impegner\u00e0 Marcolin da qui fino al 2025. Un piano articolato, che vedr\u00e0 momenti di formazione sul tema, nuovi supporti alla genitorialit\u00e0 e al work-life balance insieme a iniziative per promuovere l\u2019equit\u00e0 nei processi di selezione e nello sviluppo di carriera. E che attende solo di essere portato avanti con impegno per raggiungere un obiettivo ambizioso quanto importante, soprattutto nel nostro Paese: raggiungere una piena parit\u00e0 di genere.<\/p>\n<p>&nbsp;<\/p>\n<p>&nbsp;<\/p>\n        <\/div>\n    <\/div>\n<\/div>\n\n<div class=\"row padding--new-big wrapperContent\">\n    <div class=\"videoInline j-videoInline\">\n        <picture class=\"videoInline__picture\">\n            <source media=\"(max-width: 768px)\" srcset=\"https:\/\/www.marcolin.com\/wp-content\/uploads\/2024\/03\/image002-2-1.png\">\n            <source media=\"(max-width:2040px)\" srcset=\"https:\/\/www.marcolin.com\/wp-content\/uploads\/2024\/03\/image002-2.png\">\n            <img decoding=\"async\" class=\"videoInline__img\" src=\"https:\/\/www.marcolin.com\/wp-content\/uploads\/2024\/03\/image002-2.png\" alt=\"\">\n        <\/picture>\n        <!-- <video src=\"\"><\/video> -->\n        <button aria-label=\"play video\" class=\"videoInline__button j-videoInlinePlay\">\n            <svg width=\"81\" height=\"81\" viewBox=\"0 0 81 81\" fill=\"none\" xmlns=\"http:\/\/www.w3.org\/2000\/svg\">\n                <path d=\"M40.5 80C62.3152 80 80 62.3152 80 40.5C80 18.6848 62.3152 1 40.5 1C18.6848 1 1 18.6848 1 40.5C1 62.3152 18.6848 80 40.5 80Z\" stroke=\"white\" stroke-width=\"2\" stroke-miterlimit=\"10\"\/>\n                <path class=\"icon\" d=\"M28 40.5021V22.9724C28 20.6926 30.1672 19.2549 31.8949 20.4051L45.1846 29.1648L58.6889 38.0683C60.437 39.2185 60.437 41.7858 58.6889 42.936L45.1846 51.8395L31.8949 60.5992C30.1672 61.7391 28 60.3116 28 58.0319V40.5021Z\" stroke=\"white\" stroke-width=\"2\" stroke-miterlimit=\"10\"\/>\n            <\/svg>\n        <\/button>\n        <div class=\"j-videoInlinePlayer videoInline__player videoInline__player--show\" data-plyr-provider=\"youtube\" data-plyr-embed-id=\"https:\/\/youtu.be\/Q3DyVAGEt50\"><\/div>\n    <\/div>\n<\/div>","protected":false},"excerpt":{"rendered":"","protected":false},"author":186,"featured_media":0,"comment_status":"closed","ping_status":"closed","sticky":false,"template":"","format":"standard","meta":{"_acf_changed":true},"categories":[118],"tags":[],"class_list":["post-72977","post","type-post","status-publish","hentry","category-tell-me-a-story"],"acf":[],"yoast_head":"<!-- This site is optimized with the Yoast SEO plugin v27.3 - https:\/\/yoast.com\/product\/yoast-seo-wordpress\/ -->\n<title>8 marzo: Marcolin ottiene la Certificazione sulla Parit\u00e0 di Genere | Stories<\/title>\n<meta name=\"description\" content=\"L\u2019importante riconoscimento arriva dopo un percorso rigoroso avviato anni fa a favore di nuove politiche inclusive. Vediamole insieme.\" \/>\n<meta name=\"robots\" content=\"index, follow, max-snippet:-1, max-image-preview:large, max-video-preview:-1\" \/>\n<link rel=\"canonical\" href=\"https:\/\/www.marcolin.com\/it\/stories\/tell-me-a-story\/8-marzo-marcolin-ottiene-la-certificazione-sulla-parita-di-genere\/\" \/>\n<meta property=\"og:locale\" content=\"it_IT\" \/>\n<meta property=\"og:type\" content=\"article\" \/>\n<meta property=\"og:title\" content=\"8 marzo: Marcolin ottiene la Certificazione sulla Parit\u00e0 di Genere | Stories\" \/>\n<meta property=\"og:description\" content=\"L\u2019importante riconoscimento arriva dopo un percorso rigoroso avviato anni fa a favore di nuove politiche inclusive. Vediamole insieme.\" \/>\n<meta property=\"og:url\" content=\"https:\/\/www.marcolin.com\/it\/stories\/tell-me-a-story\/8-marzo-marcolin-ottiene-la-certificazione-sulla-parita-di-genere\/\" \/>\n<meta property=\"og:site_name\" content=\"https:\/\/www.marcolin.com\/\" \/>\n<meta property=\"article:publisher\" content=\"http:\/\/www.facebook.com\/marcolinspa\" \/>\n<meta property=\"article:published_time\" content=\"2024-03-08T08:29:00+00:00\" \/>\n<meta property=\"article:modified_time\" content=\"2024-03-08T10:33:24+00:00\" \/>\n<meta name=\"author\" content=\"Redazione\" \/>\n<meta name=\"twitter:card\" content=\"summary_large_image\" \/>\n<meta name=\"twitter:creator\" content=\"@marcolineyewear\" \/>\n<meta name=\"twitter:site\" content=\"@marcolineyewear\" \/>\n<meta name=\"twitter:label1\" content=\"Scritto da\" \/>\n\t<meta name=\"twitter:data1\" content=\"Redazione\" \/>\n<script type=\"application\/ld+json\" class=\"yoast-schema-graph\">{\"@context\":\"https:\\\/\\\/schema.org\",\"@graph\":[{\"@type\":\"Article\",\"@id\":\"https:\\\/\\\/www.marcolin.com\\\/it\\\/stories\\\/tell-me-a-story\\\/8-marzo-marcolin-ottiene-la-certificazione-sulla-parita-di-genere\\\/#article\",\"isPartOf\":{\"@id\":\"https:\\\/\\\/www.marcolin.com\\\/it\\\/stories\\\/tell-me-a-story\\\/8-marzo-marcolin-ottiene-la-certificazione-sulla-parita-di-genere\\\/\"},\"author\":{\"name\":\"Redazione\",\"@id\":\"https:\\\/\\\/www.marcolin.com\\\/it\\\/#\\\/schema\\\/person\\\/638a4f3e86a17ada8a2438959cfa31b6\"},\"headline\":\"8 marzo: Marcolin ottiene la Certificazione sulla Parit\u00e0 di Genere\",\"datePublished\":\"2024-03-08T08:29:00+00:00\",\"dateModified\":\"2024-03-08T10:33:24+00:00\",\"mainEntityOfPage\":{\"@id\":\"https:\\\/\\\/www.marcolin.com\\\/it\\\/stories\\\/tell-me-a-story\\\/8-marzo-marcolin-ottiene-la-certificazione-sulla-parita-di-genere\\\/\"},\"wordCount\":9,\"publisher\":{\"@id\":\"https:\\\/\\\/www.marcolin.com\\\/it\\\/#organization\"},\"articleSection\":[\"Tell me a story\"],\"inLanguage\":\"it-IT\"},{\"@type\":\"WebPage\",\"@id\":\"https:\\\/\\\/www.marcolin.com\\\/it\\\/stories\\\/tell-me-a-story\\\/8-marzo-marcolin-ottiene-la-certificazione-sulla-parita-di-genere\\\/\",\"url\":\"https:\\\/\\\/www.marcolin.com\\\/it\\\/stories\\\/tell-me-a-story\\\/8-marzo-marcolin-ottiene-la-certificazione-sulla-parita-di-genere\\\/\",\"name\":\"8 marzo: Marcolin ottiene la Certificazione sulla Parit\u00e0 di Genere | Stories\",\"isPartOf\":{\"@id\":\"https:\\\/\\\/www.marcolin.com\\\/it\\\/#website\"},\"datePublished\":\"2024-03-08T08:29:00+00:00\",\"dateModified\":\"2024-03-08T10:33:24+00:00\",\"description\":\"L\u2019importante riconoscimento arriva dopo un percorso rigoroso avviato anni fa a favore di nuove politiche inclusive. Vediamole insieme.\",\"breadcrumb\":{\"@id\":\"https:\\\/\\\/www.marcolin.com\\\/it\\\/stories\\\/tell-me-a-story\\\/8-marzo-marcolin-ottiene-la-certificazione-sulla-parita-di-genere\\\/#breadcrumb\"},\"inLanguage\":\"it-IT\",\"potentialAction\":[{\"@type\":\"ReadAction\",\"target\":[\"https:\\\/\\\/www.marcolin.com\\\/it\\\/stories\\\/tell-me-a-story\\\/8-marzo-marcolin-ottiene-la-certificazione-sulla-parita-di-genere\\\/\"]}]},{\"@type\":\"BreadcrumbList\",\"@id\":\"https:\\\/\\\/www.marcolin.com\\\/it\\\/stories\\\/tell-me-a-story\\\/8-marzo-marcolin-ottiene-la-certificazione-sulla-parita-di-genere\\\/#breadcrumb\",\"itemListElement\":[{\"@type\":\"ListItem\",\"position\":1,\"name\":\"Home\",\"item\":\"https:\\\/\\\/www.marcolin.com\\\/it\\\/\"},{\"@type\":\"ListItem\",\"position\":2,\"name\":\"8 marzo: Marcolin ottiene la Certificazione sulla Parit\u00e0 di Genere\"}]},{\"@type\":\"WebSite\",\"@id\":\"https:\\\/\\\/www.marcolin.com\\\/it\\\/#website\",\"url\":\"https:\\\/\\\/www.marcolin.com\\\/it\\\/\",\"name\":\"https:\\\/\\\/www.marcolin.com\\\/\",\"description\":\"Just another WordPress site\",\"publisher\":{\"@id\":\"https:\\\/\\\/www.marcolin.com\\\/it\\\/#organization\"},\"potentialAction\":[{\"@type\":\"SearchAction\",\"target\":{\"@type\":\"EntryPoint\",\"urlTemplate\":\"https:\\\/\\\/www.marcolin.com\\\/it\\\/?s={search_term_string}\"},\"query-input\":{\"@type\":\"PropertyValueSpecification\",\"valueRequired\":true,\"valueName\":\"search_term_string\"}}],\"inLanguage\":\"it-IT\"},{\"@type\":\"Organization\",\"@id\":\"https:\\\/\\\/www.marcolin.com\\\/it\\\/#organization\",\"name\":\"https:\\\/\\\/www.marcolin.com\\\/\",\"url\":\"https:\\\/\\\/www.marcolin.com\\\/it\\\/\",\"logo\":{\"@type\":\"ImageObject\",\"inLanguage\":\"it-IT\",\"@id\":\"https:\\\/\\\/www.marcolin.com\\\/it\\\/#\\\/schema\\\/logo\\\/image\\\/\",\"url\":\"https:\\\/\\\/www.marcolin.com\\\/wp-content\\\/uploads\\\/2022\\\/10\\\/Logo.jpg\",\"contentUrl\":\"https:\\\/\\\/www.marcolin.com\\\/wp-content\\\/uploads\\\/2022\\\/10\\\/Logo.jpg\",\"width\":1360,\"height\":140,\"caption\":\"https:\\\/\\\/www.marcolin.com\\\/\"},\"image\":{\"@id\":\"https:\\\/\\\/www.marcolin.com\\\/it\\\/#\\\/schema\\\/logo\\\/image\\\/\"},\"sameAs\":[\"http:\\\/\\\/www.facebook.com\\\/marcolinspa\",\"https:\\\/\\\/x.com\\\/marcolineyewear\",\"http:\\\/\\\/www.linkedin.com\\\/company\\\/marcolin\",\"http:\\\/\\\/instagram.com\\\/marcolin_eyewear\"]},{\"@type\":\"Person\",\"@id\":\"https:\\\/\\\/www.marcolin.com\\\/it\\\/#\\\/schema\\\/person\\\/638a4f3e86a17ada8a2438959cfa31b6\",\"name\":\"Redazione\",\"image\":{\"@type\":\"ImageObject\",\"inLanguage\":\"it-IT\",\"@id\":\"https:\\\/\\\/secure.gravatar.com\\\/avatar\\\/093e8f56e2e05ba433bd643cccc1ce426af27708db1f36da4afa7cc0bbc53bfc?s=96&d=mm&r=g\",\"url\":\"https:\\\/\\\/secure.gravatar.com\\\/avatar\\\/093e8f56e2e05ba433bd643cccc1ce426af27708db1f36da4afa7cc0bbc53bfc?s=96&d=mm&r=g\",\"contentUrl\":\"https:\\\/\\\/secure.gravatar.com\\\/avatar\\\/093e8f56e2e05ba433bd643cccc1ce426af27708db1f36da4afa7cc0bbc53bfc?s=96&d=mm&r=g\",\"caption\":\"Redazione\"},\"sameAs\":[\"http:\\\/\\\/Marcolin.com\"],\"url\":\"https:\\\/\\\/www.marcolin.com\\\/it\\\/author\\\/giovanna-masi\\\/\"}]}<\/script>\n<!-- \/ Yoast SEO plugin. -->","yoast_head_json":{"title":"8 marzo: Marcolin ottiene la Certificazione sulla Parit\u00e0 di Genere | Stories","description":"L\u2019importante riconoscimento arriva dopo un percorso rigoroso avviato anni fa a favore di nuove politiche inclusive. Vediamole insieme.","robots":{"index":"index","follow":"follow","max-snippet":"max-snippet:-1","max-image-preview":"max-image-preview:large","max-video-preview":"max-video-preview:-1"},"canonical":"https:\/\/www.marcolin.com\/it\/stories\/tell-me-a-story\/8-marzo-marcolin-ottiene-la-certificazione-sulla-parita-di-genere\/","og_locale":"it_IT","og_type":"article","og_title":"8 marzo: Marcolin ottiene la Certificazione sulla Parit\u00e0 di Genere | Stories","og_description":"L\u2019importante riconoscimento arriva dopo un percorso rigoroso avviato anni fa a favore di nuove politiche inclusive. Vediamole insieme.","og_url":"https:\/\/www.marcolin.com\/it\/stories\/tell-me-a-story\/8-marzo-marcolin-ottiene-la-certificazione-sulla-parita-di-genere\/","og_site_name":"https:\/\/www.marcolin.com\/","article_publisher":"http:\/\/www.facebook.com\/marcolinspa","article_published_time":"2024-03-08T08:29:00+00:00","article_modified_time":"2024-03-08T10:33:24+00:00","author":"Redazione","twitter_card":"summary_large_image","twitter_creator":"@marcolineyewear","twitter_site":"@marcolineyewear","twitter_misc":{"Scritto da":"Redazione"},"schema":{"@context":"https:\/\/schema.org","@graph":[{"@type":"Article","@id":"https:\/\/www.marcolin.com\/it\/stories\/tell-me-a-story\/8-marzo-marcolin-ottiene-la-certificazione-sulla-parita-di-genere\/#article","isPartOf":{"@id":"https:\/\/www.marcolin.com\/it\/stories\/tell-me-a-story\/8-marzo-marcolin-ottiene-la-certificazione-sulla-parita-di-genere\/"},"author":{"name":"Redazione","@id":"https:\/\/www.marcolin.com\/it\/#\/schema\/person\/638a4f3e86a17ada8a2438959cfa31b6"},"headline":"8 marzo: Marcolin ottiene la Certificazione sulla Parit\u00e0 di Genere","datePublished":"2024-03-08T08:29:00+00:00","dateModified":"2024-03-08T10:33:24+00:00","mainEntityOfPage":{"@id":"https:\/\/www.marcolin.com\/it\/stories\/tell-me-a-story\/8-marzo-marcolin-ottiene-la-certificazione-sulla-parita-di-genere\/"},"wordCount":9,"publisher":{"@id":"https:\/\/www.marcolin.com\/it\/#organization"},"articleSection":["Tell me a story"],"inLanguage":"it-IT"},{"@type":"WebPage","@id":"https:\/\/www.marcolin.com\/it\/stories\/tell-me-a-story\/8-marzo-marcolin-ottiene-la-certificazione-sulla-parita-di-genere\/","url":"https:\/\/www.marcolin.com\/it\/stories\/tell-me-a-story\/8-marzo-marcolin-ottiene-la-certificazione-sulla-parita-di-genere\/","name":"8 marzo: Marcolin ottiene la Certificazione sulla Parit\u00e0 di Genere | Stories","isPartOf":{"@id":"https:\/\/www.marcolin.com\/it\/#website"},"datePublished":"2024-03-08T08:29:00+00:00","dateModified":"2024-03-08T10:33:24+00:00","description":"L\u2019importante riconoscimento arriva dopo un percorso rigoroso avviato anni fa a favore di nuove politiche inclusive. Vediamole insieme.","breadcrumb":{"@id":"https:\/\/www.marcolin.com\/it\/stories\/tell-me-a-story\/8-marzo-marcolin-ottiene-la-certificazione-sulla-parita-di-genere\/#breadcrumb"},"inLanguage":"it-IT","potentialAction":[{"@type":"ReadAction","target":["https:\/\/www.marcolin.com\/it\/stories\/tell-me-a-story\/8-marzo-marcolin-ottiene-la-certificazione-sulla-parita-di-genere\/"]}]},{"@type":"BreadcrumbList","@id":"https:\/\/www.marcolin.com\/it\/stories\/tell-me-a-story\/8-marzo-marcolin-ottiene-la-certificazione-sulla-parita-di-genere\/#breadcrumb","itemListElement":[{"@type":"ListItem","position":1,"name":"Home","item":"https:\/\/www.marcolin.com\/it\/"},{"@type":"ListItem","position":2,"name":"8 marzo: Marcolin ottiene la Certificazione sulla Parit\u00e0 di Genere"}]},{"@type":"WebSite","@id":"https:\/\/www.marcolin.com\/it\/#website","url":"https:\/\/www.marcolin.com\/it\/","name":"https:\/\/www.marcolin.com\/","description":"Just another WordPress site","publisher":{"@id":"https:\/\/www.marcolin.com\/it\/#organization"},"potentialAction":[{"@type":"SearchAction","target":{"@type":"EntryPoint","urlTemplate":"https:\/\/www.marcolin.com\/it\/?s={search_term_string}"},"query-input":{"@type":"PropertyValueSpecification","valueRequired":true,"valueName":"search_term_string"}}],"inLanguage":"it-IT"},{"@type":"Organization","@id":"https:\/\/www.marcolin.com\/it\/#organization","name":"https:\/\/www.marcolin.com\/","url":"https:\/\/www.marcolin.com\/it\/","logo":{"@type":"ImageObject","inLanguage":"it-IT","@id":"https:\/\/www.marcolin.com\/it\/#\/schema\/logo\/image\/","url":"https:\/\/www.marcolin.com\/wp-content\/uploads\/2022\/10\/Logo.jpg","contentUrl":"https:\/\/www.marcolin.com\/wp-content\/uploads\/2022\/10\/Logo.jpg","width":1360,"height":140,"caption":"https:\/\/www.marcolin.com\/"},"image":{"@id":"https:\/\/www.marcolin.com\/it\/#\/schema\/logo\/image\/"},"sameAs":["http:\/\/www.facebook.com\/marcolinspa","https:\/\/x.com\/marcolineyewear","http:\/\/www.linkedin.com\/company\/marcolin","http:\/\/instagram.com\/marcolin_eyewear"]},{"@type":"Person","@id":"https:\/\/www.marcolin.com\/it\/#\/schema\/person\/638a4f3e86a17ada8a2438959cfa31b6","name":"Redazione","image":{"@type":"ImageObject","inLanguage":"it-IT","@id":"https:\/\/secure.gravatar.com\/avatar\/093e8f56e2e05ba433bd643cccc1ce426af27708db1f36da4afa7cc0bbc53bfc?s=96&d=mm&r=g","url":"https:\/\/secure.gravatar.com\/avatar\/093e8f56e2e05ba433bd643cccc1ce426af27708db1f36da4afa7cc0bbc53bfc?s=96&d=mm&r=g","contentUrl":"https:\/\/secure.gravatar.com\/avatar\/093e8f56e2e05ba433bd643cccc1ce426af27708db1f36da4afa7cc0bbc53bfc?s=96&d=mm&r=g","caption":"Redazione"},"sameAs":["http:\/\/Marcolin.com"],"url":"https:\/\/www.marcolin.com\/it\/author\/giovanna-masi\/"}]}},"_links":{"self":[{"href":"https:\/\/www.marcolin.com\/it\/wp-json\/wp\/v2\/posts\/72977","targetHints":{"allow":["GET"]}}],"collection":[{"href":"https:\/\/www.marcolin.com\/it\/wp-json\/wp\/v2\/posts"}],"about":[{"href":"https:\/\/www.marcolin.com\/it\/wp-json\/wp\/v2\/types\/post"}],"author":[{"embeddable":true,"href":"https:\/\/www.marcolin.com\/it\/wp-json\/wp\/v2\/users\/186"}],"replies":[{"embeddable":true,"href":"https:\/\/www.marcolin.com\/it\/wp-json\/wp\/v2\/comments?post=72977"}],"version-history":[{"count":0,"href":"https:\/\/www.marcolin.com\/it\/wp-json\/wp\/v2\/posts\/72977\/revisions"}],"wp:attachment":[{"href":"https:\/\/www.marcolin.com\/it\/wp-json\/wp\/v2\/media?parent=72977"}],"wp:term":[{"taxonomy":"category","embeddable":true,"href":"https:\/\/www.marcolin.com\/it\/wp-json\/wp\/v2\/categories?post=72977"},{"taxonomy":"post_tag","embeddable":true,"href":"https:\/\/www.marcolin.com\/it\/wp-json\/wp\/v2\/tags?post=72977"}],"curies":[{"name":"wp","href":"https:\/\/api.w.org\/{rel}","templated":true}]}}